{"id":1047,"date":"2015-10-07T16:25:39","date_gmt":"2015-10-07T15:25:39","guid":{"rendered":"http:\/\/democraciaactiva.eu\/?p=1047"},"modified":"2015-10-07T16:25:39","modified_gmt":"2015-10-07T15:25:39","slug":"el-alcalde-de-san-roque-no-sabe-leer","status":"publish","type":"post","link":"https:\/\/democraciaactiva.eu\/?p=1047","title":{"rendered":"\u00bfEl Alcalde de San Roque no sabe leer&#8230;?"},"content":{"rendered":"<p style=\"text-align: justify;\">O eso parece, cuando hace hoy <a href=\"http:\/\/andaluciainformacion.es\/campo-de-gibraltar\/538584\/boix-mantiene-en-el-juzgado-que-la-denuncia-por-no-dejar-grabar-un-pleno-es-una-campana-del-pp-y-un-policia-linense\/\" target=\"_blank\">Nota Andaluc\u00eda Informaci\u00f3n<\/a>, y nos \u00abrecuerda\u00bb que la Ley de Transparencia se encuentra en periodo de \u00abcarencia\u00bb (la ha debido confundir con una hipoteca) y no es de aplicaci\u00f3n a\u00fan&#8230;<\/p>\n<p>Esto choca frontalmente con el esp\u00edritu de la Ley, que s\u00f3lo otorga un periodo de dos a\u00f1os a las entidades locales para adaptarse, no para incumplir la Ley. Esto es, que si se necesita formar a los empleados p\u00fablicos para que conozcan los derechos de los ciudadanos o disponer los medios t\u00e9cnicos necesarios para poder atender las solicitudes de informaci\u00f3n, tienen dos a\u00f1os extra para ir haci\u00e9ndolo. A\u00f1os en los que por supuesto no han hecho nada porque as\u00ed luego tienen la excusa de que no est\u00e1n preparados.<\/p>\n<p><a href=\"https:\/\/democraciaactiva.eu\/wp-content\/uploads\/2015\/10\/Transparencia.jpg\"><img decoding=\"async\" loading=\"lazy\" class=\"aligncenter size-medium wp-image-1049\" src=\"https:\/\/democraciaactiva.eu\/wp-content\/uploads\/2015\/10\/Transparencia-300x173.jpg\" alt=\"Transparencia\" width=\"300\" height=\"173\" \/><\/a><\/p>\n<p style=\"text-align: justify;\">Adem\u00e1s, el Defensor del Pueblo Andaluz, que hace unas semanas le recordaba que el plazo era para adaptarse, por lo que ir cumpliendo ya ser\u00eda una \u00abbuena praxis\u00bb&#8230; \u00bfqu\u00e9 podemos entender con esto de un Alcalde que no ha preparado en absoluto su administraci\u00f3n durante dos a\u00f1os para atender la Ley de Transparencia?&#8230; pues evidentemente que sigue una \u00abmala praxis\u00bb como es evidente.<\/p>\n<p style=\"text-align: justify;\"><a href=\"https:\/\/democraciaactiva.eu\/wp-content\/uploads\/2015\/10\/Transparencia2.jpg\"><img decoding=\"async\" loading=\"lazy\" class=\"aligncenter size-medium wp-image-1048\" src=\"https:\/\/democraciaactiva.eu\/wp-content\/uploads\/2015\/10\/Transparencia2-300x249.jpg\" alt=\"Transparencia2\" width=\"300\" height=\"249\" \/><\/a><\/p>\n<p style=\"text-align: justify;\">Si realmente quisiera transparencia en los plenos usar\u00eda los medios municipales, esos que nos cuestan m\u00e1s de un mill\u00f3n de euros al a\u00f1o, en publicar esas sesiones. Pero eso es mucho pedir para este Alcalde y est\u00e1 claro que seguir\u00e1 dedicando los medios p\u00fablicos a campa\u00f1as de autobombo, ferias, fiestas e inauguraciones, siguiendo la tradici\u00f3n.<\/p>\n","protected":false},"excerpt":{"rendered":"<div class=\"mh-excerpt\"><p>O eso parece, cuando hace hoy Nota Andaluc\u00eda Informaci\u00f3n, y nos \u00abrecuerda\u00bb que la Ley de Transparencia se encuentra en periodo de \u00abcarencia\u00bb (la ha <a class=\"mh-excerpt-more\" href=\"https:\/\/democraciaactiva.eu\/?p=1047\" title=\"\u00bfEl Alcalde de San Roque no sabe leer&#8230;?\">[&#8230;]<\/a><\/p>\n<\/div>","protected":false},"author":1,"featured_media":0,"comment_status":"closed","ping_status":"open","sticky":false,"template":"","format":"standard","meta":[],"categories":[5,8,12],"tags":[37,54],"_links":{"self":[{"href":"https:\/\/democraciaactiva.eu\/index.php?rest_route=\/wp\/v2\/posts\/1047"}],"collection":[{"href":"https:\/\/democraciaactiva.eu\/index.php?rest_route=\/wp\/v2\/posts"}],"about":[{"href":"https:\/\/democraciaactiva.eu\/index.php?rest_route=\/wp\/v2\/types\/post"}],"author":[{"embeddable":true,"href":"https:\/\/democraciaactiva.eu\/index.php?rest_route=\/wp\/v2\/users\/1"}],"replies":[{"embeddable":true,"href":"https:\/\/democraciaactiva.eu\/index.php?rest_route=%2Fwp%2Fv2%2Fcomments&post=1047"}],"version-history":[{"count":0,"href":"https:\/\/democraciaactiva.eu\/index.php?rest_route=\/wp\/v2\/posts\/1047\/revisions"}],"wp:attachment":[{"href":"https:\/\/democraciaactiva.eu\/index.php?rest_route=%2Fwp%2Fv2%2Fmedia&parent=1047"}],"wp:term":[{"taxonomy":"category","embeddable":true,"href":"https:\/\/democraciaactiva.eu\/index.php?rest_route=%2Fwp%2Fv2%2Fcategories&post=1047"},{"taxonomy":"post_tag","embeddable":true,"href":"https:\/\/democraciaactiva.eu\/index.php?rest_route=%2Fwp%2Fv2%2Ftags&post=1047"}],"curies":[{"name":"wp","href":"https:\/\/api.w.org\/{rel}","templated":true}]}}