{"id":104,"date":"2014-03-20T16:35:58","date_gmt":"2014-03-20T15:35:58","guid":{"rendered":"http:\/\/democraciaactiva.eu\/?p=104"},"modified":"2014-03-20T16:35:58","modified_gmt":"2014-03-20T15:35:58","slug":"dca-toma-la-palabra-a-mayoral-y-le-pregunta-por-el-cargo-de-roca","status":"publish","type":"post","link":"https:\/\/democraciaactiva.eu\/?p=104","title":{"rendered":"DCA toma la palabra a Mayoral y le pregunta por el cargo de Roca."},"content":{"rendered":"<p>La Asociaci\u00f3n Defensa Ciudadana Activa ha remitido un escrito al Concejal Jes\u00fas Mayoral en el que le manifiestan su apoyo por la cr\u00edtica a la duplicidad de cargos o creaci\u00f3n de algunos vac\u00edos de competencias en administraciones comarcales o provinciales.<\/p>\n<p>No obstante, desde la Asociaci\u00f3n se preguntan por qu\u00e9 no realiza la misma cr\u00edtica en la administraci\u00f3n local de cuyo gobierno forma parte, apuntando directamente a la delegaci\u00f3n efectuada en su compa\u00f1ero del Partido Independiente del Valle del Guadiaro, Juan Roca. \u201cEs un cargo que supone una duplicidad en la Alcald\u00eda, y que legalmente no puede resolver actos que afecten a terceros, por lo que, siempre ateni\u00e9ndonos a la estricta legalidad y no a lo que intentan hacer creer, resulta totalmente in\u00fatil.\u201d, denunciaron.<\/p>\n<p>Adem\u00e1s de ello DCA critica <b>\u201cel elevado salario de m\u00e1s de 40 mil euros anuales, por encima de los que critica en la Mancomunidad por ejemplo, sin que se conozca qu\u00e9 m\u00e9ritos, capacidades, o responsabilidades tiene el Sr. Roca para ello, salvo el de dar pase\u00edllos de un bar a otro y hacerse fotos para la prensa.\u201d<\/b>, criticaron.<\/p>\n<p>Aunque desde el colectivo manifestaron que hay otros ediles cuyos salarios son tambi\u00e9n totalmente incomprensibles, alcanzando todos ellos m\u00e1s de 40 mil euros anuales, han consultado por su compa\u00f1ero de partido porque \u201cprobablemente conocer\u00e1 mejor qu\u00e9 hace para costarnos ese disparate, aunque igual tampoco le importa porque no est\u00e1 en Mancomunidad ni Diputaci\u00f3n.\u201d<\/p>\n<p>Por ello desde la Asociaci\u00f3n, tras leer las cr\u00edticas de Jes\u00fas Mayoral a las administraciones supramunicipales que comparten plenamente, le han remitido un escrito solicitando alguna explicaci\u00f3n que justifique <b>\u201cpor qu\u00e9 s\u00f3lo critica aquellas administraciones donde no tiene representaci\u00f3n y da la espalda a lo que ocurre en su pueblo.\u201d<\/b><\/p>\n<p>\u201cSi en su compromiso con los vecinos est\u00e1 el dar un salario que ya quisieran muchos alcaldes a sus compa\u00f1eros de partido deber\u00edamos saberlo. Si es su compromiso mirar para otro lado sobre lo que hagan sus compa\u00f1eros de gobierno mientras hacen lo mismo que critica a otros, deber\u00edamos saberlo, ya que ser\u00eda<b> el ejemplo m\u00e1s claro de la hipocres\u00eda de la clase pol\u00edtica actual.\u201d<a href=\"https:\/\/democraciaactiva.eu\/wp-content\/uploads\/2014\/03\/fumigadora-guadiaro1-1000x500.jpg\"><img decoding=\"async\" loading=\"lazy\" class=\"aligncenter  wp-image-105\" style=\"width: 415px; height: 209px;\" alt=\"fumigadora-guadiaro1-1000x500\" src=\"https:\/\/democraciaactiva.eu\/wp-content\/uploads\/2014\/03\/fumigadora-guadiaro1-1000x500-300x150.jpg\" width=\"300\" height=\"150\" \/><\/a>Nota sobre la fotograf\u00eda:<\/b> El Concejal con las manos en los bolsillos cobra el triple que el trabajador municipal, con formaci\u00f3n acreditada para trabajo con pesticidas, por mirarle como\u00a0aguanta horas con\u00a0todo el equipo de protecci\u00f3n a 20 grados al sol. Evidentemente para el Sr. Mayoral el Concejal realiza una funci\u00f3n m\u00e1s penosa, peligrosa y de mayor responsabilidad que justifica su salario.<\/p>\n<p>&nbsp; <\/p>\n","protected":false},"excerpt":{"rendered":"<div class=\"mh-excerpt\"><p>La Asociaci\u00f3n Defensa Ciudadana Activa ha remitido un escrito al Concejal Jes\u00fas Mayoral en el que le manifiestan su apoyo por la cr\u00edtica a la <a class=\"mh-excerpt-more\" href=\"https:\/\/democraciaactiva.eu\/?p=104\" title=\"DCA toma la palabra a Mayoral y le pregunta por el cargo de Roca.\">[&#8230;]<\/a><\/p>\n<\/div>","protected":false},"author":1,"featured_media":0,"comment_status":"open","ping_status":"open","sticky":false,"template":"","format":"standard","meta":[],"categories":[12],"tags":[],"_links":{"self":[{"href":"https:\/\/democraciaactiva.eu\/index.php?rest_route=\/wp\/v2\/posts\/104"}],"collection":[{"href":"https:\/\/democraciaactiva.eu\/index.php?rest_route=\/wp\/v2\/posts"}],"about":[{"href":"https:\/\/democraciaactiva.eu\/index.php?rest_route=\/wp\/v2\/types\/post"}],"author":[{"embeddable":true,"href":"https:\/\/democraciaactiva.eu\/index.php?rest_route=\/wp\/v2\/users\/1"}],"replies":[{"embeddable":true,"href":"https:\/\/democraciaactiva.eu\/index.php?rest_route=%2Fwp%2Fv2%2Fcomments&post=104"}],"version-history":[{"count":0,"href":"https:\/\/democraciaactiva.eu\/index.php?rest_route=\/wp\/v2\/posts\/104\/revisions"}],"wp:attachment":[{"href":"https:\/\/democraciaactiva.eu\/index.php?rest_route=%2Fwp%2Fv2%2Fmedia&parent=104"}],"wp:term":[{"taxonomy":"category","embeddable":true,"href":"https:\/\/democraciaactiva.eu\/index.php?rest_route=%2Fwp%2Fv2%2Fcategories&post=104"},{"taxonomy":"post_tag","embeddable":true,"href":"https:\/\/democraciaactiva.eu\/index.php?rest_route=%2Fwp%2Fv2%2Ftags&post=104"}],"curies":[{"name":"wp","href":"https:\/\/api.w.org\/{rel}","templated":true}]}}