{"id":1028,"date":"2015-09-30T13:05:14","date_gmt":"2015-09-30T12:05:14","guid":{"rendered":"http:\/\/democraciaactiva.eu\/?p=1028"},"modified":"2015-09-30T13:05:14","modified_gmt":"2015-09-30T12:05:14","slug":"and-the-winner-is","status":"publish","type":"post","link":"https:\/\/democraciaactiva.eu\/?p=1028","title":{"rendered":"And the winner is&#8230;"},"content":{"rendered":"<p>Si pensaban\u00a0que en pol\u00edtica todo estaba visto, no se vayan todav\u00eda, a\u00fan hay m\u00e1s&#8230;<\/p>\n<p style=\"text-align: justify;\">Esta semana nuestra ganadora del Oscar a la mejor\u00a0actriz de reparto es para la Concejala (o ex, a estas alturas) del PSOE de Espartinas Dolores Ruiz, que hace unos d\u00edas hac\u00eda p\u00fablica una emotiva carta de dimisi\u00f3n de sus cargos por motivos personales dentro del film titulado\u00a0<strong><em>\u00abt\u00f3 por mis ni\u00f1os\u00bb<\/em><\/strong>.<\/p>\n<p style=\"text-align: justify;\"><a href=\"https:\/\/democraciaactiva.eu\/wp-content\/uploads\/2015\/09\/Loli1.jpg\"><img decoding=\"async\" loading=\"lazy\" class=\"aligncenter wp-image-1033 size-medium\" src=\"https:\/\/democraciaactiva.eu\/wp-content\/uploads\/2015\/09\/Loli1-292x300.jpg\" alt=\"Loli1\" width=\"292\" height=\"300\" \/><\/a><\/p>\n<p style=\"text-align: justify;\">Compiti\u00f3 muy de cerca con otro film del mismo director, Ignacio Rubio, con el que promocionaba a su hija en el musical\u00a0<strong><em>\u00abLa\u00a0danza del vientre mantiene\u00a0est\u00f3magos agradecidos\u00bb<\/em><\/strong>, que ha quedado en segundo lugar.<\/p>\n<p><a href=\"https:\/\/democraciaactiva.eu\/wp-content\/uploads\/2015\/09\/Danza.jpg\"><img decoding=\"async\" loading=\"lazy\" class=\"aligncenter size-medium wp-image-1036\" src=\"https:\/\/democraciaactiva.eu\/wp-content\/uploads\/2015\/09\/Danza-242x300.jpg\" alt=\"Danza\" width=\"242\" height=\"300\" \/><\/a><\/p>\n<p style=\"text-align: justify;\">Dolores quiso agradecer su premio al guionista, Jos\u00e9 Antonio Garc\u00eda, por su excelente trabajo <em>\u00abconjugando la devoci\u00f3n familiar y la pasi\u00f3n por los euros en un espacio tan corto.\u00bb<\/em><\/p>\n<p style=\"text-align: justify;\">Garc\u00eda, que ya fue galardonado por el cortometraje \u00abSi se puede cobrar, se cobra\u00bb,\u00a0ha desmentido que se trate de un remake de su cinta, aunque reconoci\u00f3\u00a0que <strong><em>\u00abtodos los artistas vamos evolucionando, y cuando algo no sale bien, la pr\u00f3xima vez lo hacemos<\/em> mejor.\u00bb<em>\u00a0, <\/em><\/strong>declar\u00f3 en clara alusi\u00f3n a su actuaci\u00f3n en la muestra de teatro de verano en Espartinas, donde protagoniz\u00f3 la obra <strong>\u00ab19 d\u00edas y 500 euros\u00bb<\/strong>, que finalmente fue retirada de concurso. <em><strong>\u00abEsta vez creo que lo hemos bordado y as\u00ed nos lo demuestra nuestro p\u00fablico y la n\u00f3mina de Loli\u00bb<\/strong><\/em>, declar\u00f3.<\/p>\n<p><em><a href=\"https:\/\/democraciaactiva.eu\/wp-content\/uploads\/2015\/09\/Europa-Press-1.jpg\"><img decoding=\"async\" loading=\"lazy\" class=\"aligncenter size-large wp-image-1029\" src=\"https:\/\/democraciaactiva.eu\/wp-content\/uploads\/2015\/09\/Europa-Press-1-497x1024.jpg\" alt=\"Europa Press 1\" width=\"450\" height=\"927\" \/><\/a><\/em><\/p>\n<p style=\"text-align: justify;\">La trama de la pel\u00edcula se inicia con la incompatibilidad de Dolores, como Concejala de Espartinas desde hace a\u00f1os,\u00a0en la oposici\u00f3n, <strong>hab\u00eda obtenido un cargo de confianza como \u00abasesora\u00bb en el Ayuntamiento<\/strong> de Espartinas, gracias al pacto de gobierno entre PSOE y Ciudadanos.<\/p>\n<p style=\"text-align: justify;\">Pero poco\u00a0despu\u00e9s de conseguir el trabajo aparecen en escena los servicios jur\u00eddicos municipales informando de esta ilegalidad, obligando a que\u00a0Dolores devuelva los euros cobrados como asesora\u00a0de confianza.<\/p>\n<p style=\"text-align: justify;\">En ese momento, Dolores renuncia al acta de Concejal para poder seguir ocupando el cargo de confianza como asesora, lo que le permite seguir cobrando su sueldo del presupuesto municipal.<\/p>\n<p style=\"text-align: justify;\">El giro argumental que le ha valido el premio\u00a0a la mejor interpretaci\u00f3n viene en la justificaci\u00f3n de su\u00a0renuncia al acta, que se hace p\u00fablica porque, aunque llevaba a\u00f1os como Concejal sin problemas, ahora no lo ve compatible con su dedicaci\u00f3n a la familia, omitiendo cualquier referencia al <strong>puesto de confianza como \u00abasesora\u00bb por el que cobrar\u00e1 su salario<\/strong> y que, seg\u00fan defiende el guionista de la cinta \u00abs\u00ed es perfectamente compatible con el cuidado de sus ni\u00f1os\u00bb.<\/p>\n<p><a href=\"https:\/\/democraciaactiva.eu\/wp-content\/uploads\/2015\/09\/Europa-Press-3.jpg\"><img decoding=\"async\" loading=\"lazy\" class=\"aligncenter size-full wp-image-1030\" src=\"https:\/\/democraciaactiva.eu\/wp-content\/uploads\/2015\/09\/Europa-Press-3.jpg\" alt=\"Europa Press 3\" width=\"484\" height=\"664\" \/><\/a><\/p>\n<p style=\"text-align: justify;\">Una trama pol\u00edtico-familiar de cuidado que no pueden perderse. Pr\u00f3ximamente se proyectar\u00e1 en exclusiva en el Sal\u00f3n de Plenos\u00a0de Espartinas.<\/p>\n<p>P.D.: Hemos publicado este post de opini\u00f3n permiti\u00e9ndonos dedicarle algo\u00a0de humor porque, a\u00fan siendo Espartinas\u00a0un municipio con un alt\u00edsimo nivel de opacidad informativa, parece que el saqueo municipal que llevan a cabo sus gobernantes es de los m\u00e1s evidentes. <\/p>\n","protected":false},"excerpt":{"rendered":"<div class=\"mh-excerpt\"><p>Si pensaban\u00a0que en pol\u00edtica todo estaba visto, no se vayan todav\u00eda, a\u00fan hay m\u00e1s&#8230; Esta semana nuestra ganadora del Oscar a la mejor\u00a0actriz de reparto <a class=\"mh-excerpt-more\" href=\"https:\/\/democraciaactiva.eu\/?p=1028\" title=\"And the winner is&#8230;\">[&#8230;]<\/a><\/p>\n<\/div>","protected":false},"author":1,"featured_media":0,"comment_status":"closed","ping_status":"open","sticky":false,"template":"","format":"standard","meta":[],"categories":[12],"tags":[],"_links":{"self":[{"href":"https:\/\/democraciaactiva.eu\/index.php?rest_route=\/wp\/v2\/posts\/1028"}],"collection":[{"href":"https:\/\/democraciaactiva.eu\/index.php?rest_route=\/wp\/v2\/posts"}],"about":[{"href":"https:\/\/democraciaactiva.eu\/index.php?rest_route=\/wp\/v2\/types\/post"}],"author":[{"embeddable":true,"href":"https:\/\/democraciaactiva.eu\/index.php?rest_route=\/wp\/v2\/users\/1"}],"replies":[{"embeddable":true,"href":"https:\/\/democraciaactiva.eu\/index.php?rest_route=%2Fwp%2Fv2%2Fcomments&post=1028"}],"version-history":[{"count":0,"href":"https:\/\/democraciaactiva.eu\/index.php?rest_route=\/wp\/v2\/posts\/1028\/revisions"}],"wp:attachment":[{"href":"https:\/\/democraciaactiva.eu\/index.php?rest_route=%2Fwp%2Fv2%2Fmedia&parent=1028"}],"wp:term":[{"taxonomy":"category","embeddable":true,"href":"https:\/\/democraciaactiva.eu\/index.php?rest_route=%2Fwp%2Fv2%2Fcategories&post=1028"},{"taxonomy":"post_tag","embeddable":true,"href":"https:\/\/democraciaactiva.eu\/index.php?rest_route=%2Fwp%2Fv2%2Ftags&post=1028"}],"curies":[{"name":"wp","href":"https:\/\/api.w.org\/{rel}","templated":true}]}}