{"id":1013,"date":"2015-09-03T17:19:58","date_gmt":"2015-09-03T16:19:58","guid":{"rendered":"http:\/\/democraciaactiva.eu\/?p=1013"},"modified":"2015-09-03T17:19:58","modified_gmt":"2015-09-03T16:19:58","slug":"dca-colabora-con-cota-cero-por-la-eliminacion-de-barreras","status":"publish","type":"post","link":"https:\/\/democraciaactiva.eu\/?p=1013","title":{"rendered":"DCA colabora con Cota Cero por la eliminaci\u00f3n de barreras"},"content":{"rendered":"<p>Este mes pasado se constituy\u00f3 oficialmente la <strong>Asociaci\u00f3n Cota Cero<\/strong>, cuyos fines son principalmente la eliminaci\u00f3n de las barreras que cada d\u00eda deben soportar los ciudadanos en las v\u00edas y edificios tanto oficiales como privados de uso p\u00fablico.<a href=\"https:\/\/democraciaactiva.eu\/wp-content\/uploads\/2015\/09\/Logo-Cota-Cero.jpg\"><img decoding=\"async\" loading=\"lazy\" class=\"aligncenter size-medium wp-image-1014\" src=\"https:\/\/democraciaactiva.eu\/wp-content\/uploads\/2015\/09\/Logo-Cota-Cero-300x203.jpg\" alt=\"Logo Cota Cero\" width=\"300\" height=\"203\" \/><\/a><\/p>\n<p>De este modo, la asociaci\u00f3n sanroque\u00f1a\u00a0<strong>Defensa Ciudadana Activa culmina un periodo de colaboraci\u00f3n con un grupo de ciudadanos que pasar\u00e1n de reivindicar sus derechos en solitario a hacerlo de forma conjunta y coordinada.<\/strong><\/p>\n<p>El Presidente de Cota Cero, Juan Romero, desde su sede en Lucena (C\u00f3rdoba) explica que \u201cdesde hace un a\u00f1o venimos colaborando con DCA y ellos han abierto expedientes en varios municipios, pero <strong>ten\u00edamos que dar un paso m\u00e1s, si queremos que las cosas cambien cada uno tiene que poner su granito de arena<\/strong>, por eso hemos creado esta Asociaci\u00f3n que luchar\u00e1 por una accesibilidad universal para todos\u201d, declar\u00f3.<\/p>\n<p>Desde DCA se les ha facilitado informaci\u00f3n sobre sus procedimientos y normativa aplicable, y se derivar\u00e1 parte de los expedientes sobre accesibilidad de San Roque, ya que la nueva Asociaci\u00f3n\u00a0tiene\u00a0una ventaja a\u00f1adida frente a la administraci\u00f3n.<\/p>\n<p>\u201cLa <strong>Ley de Asistencia Jur\u00eddica Gratuita se aplica a las personas con discapacidad para la defensa de sus derechos<\/strong>, por lo que los miembros de Cota Cero har\u00e1n las peticiones en nombre propio y de la Asociaci\u00f3n, y\u00a0<strong>en caso de silencio administrativo o de que no eliminen las barreras iremos directamente por la v\u00eda contenciosa con ese recurso<\/strong>\u201d, explic\u00f3 Andoni Moreno, miembro de la Junta Directiva.<\/p>\n<p><a href=\"https:\/\/democraciaactiva.eu\/wp-content\/uploads\/2015\/09\/275e34161a76c30a1a33dfa0446bc7fb.jpg\"><img decoding=\"async\" loading=\"lazy\" class=\"aligncenter size-medium wp-image-1015\" src=\"https:\/\/democraciaactiva.eu\/wp-content\/uploads\/2015\/09\/275e34161a76c30a1a33dfa0446bc7fb-300x199.jpg\" alt=\"Brigada del escal\u00f3n\" width=\"300\" height=\"199\" \/><\/a><\/p>\n<p><strong>Cota Cero<\/strong> incidir\u00e1 especialmente en la accesibilidad de los edificios p\u00fablicos as\u00ed como el cumplimiento y respeto de la normativa sobre plazas reservadas para movilidad reducida \u201cAunque los t\u00e9cnicos y pol\u00edticos no se den cuenta, <strong>cada d\u00eda crean nuevas barreras que nos impiden circular en igualdad por nuestras calles y acceder a los servicios p\u00fablicos. Eso debe acabar, y por ello lucharemos<\/strong>\u201d, finalizaron. <\/p>\n","protected":false},"excerpt":{"rendered":"<div class=\"mh-excerpt\"><p>Este mes pasado se constituy\u00f3 oficialmente la Asociaci\u00f3n Cota Cero, cuyos fines son principalmente la eliminaci\u00f3n de las barreras que cada d\u00eda deben soportar los <a class=\"mh-excerpt-more\" href=\"https:\/\/democraciaactiva.eu\/?p=1013\" title=\"DCA colabora con Cota Cero por la eliminaci\u00f3n de barreras\">[&#8230;]<\/a><\/p>\n<\/div>","protected":false},"author":1,"featured_media":0,"comment_status":"closed","ping_status":"open","sticky":false,"template":"","format":"standard","meta":[],"categories":[3],"tags":[],"_links":{"self":[{"href":"https:\/\/democraciaactiva.eu\/index.php?rest_route=\/wp\/v2\/posts\/1013"}],"collection":[{"href":"https:\/\/democraciaactiva.eu\/index.php?rest_route=\/wp\/v2\/posts"}],"about":[{"href":"https:\/\/democraciaactiva.eu\/index.php?rest_route=\/wp\/v2\/types\/post"}],"author":[{"embeddable":true,"href":"https:\/\/democraciaactiva.eu\/index.php?rest_route=\/wp\/v2\/users\/1"}],"replies":[{"embeddable":true,"href":"https:\/\/democraciaactiva.eu\/index.php?rest_route=%2Fwp%2Fv2%2Fcomments&post=1013"}],"version-history":[{"count":0,"href":"https:\/\/democraciaactiva.eu\/index.php?rest_route=\/wp\/v2\/posts\/1013\/revisions"}],"wp:attachment":[{"href":"https:\/\/democraciaactiva.eu\/index.php?rest_route=%2Fwp%2Fv2%2Fmedia&parent=1013"}],"wp:term":[{"taxonomy":"category","embeddable":true,"href":"https:\/\/democraciaactiva.eu\/index.php?rest_route=%2Fwp%2Fv2%2Fcategories&post=1013"},{"taxonomy":"post_tag","embeddable":true,"href":"https:\/\/democraciaactiva.eu\/index.php?rest_route=%2Fwp%2Fv2%2Ftags&post=1013"}],"curies":[{"name":"wp","href":"https:\/\/api.w.org\/{rel}","templated":true}]}}