{"id":1006,"date":"2015-08-30T12:12:05","date_gmt":"2015-08-30T11:12:05","guid":{"rendered":"http:\/\/democraciaactiva.eu\/?p=1006"},"modified":"2015-08-30T12:12:05","modified_gmt":"2015-08-30T11:12:05","slug":"finalizada-la-primera-jornada-de-formacion-en-cadiz","status":"publish","type":"post","link":"https:\/\/democraciaactiva.eu\/?p=1006","title":{"rendered":"Finalizada la primera Jornada de Formaci\u00f3n en C\u00e1diz"},"content":{"rendered":"<p>Este s\u00e1bado se desarroll\u00f3 la <strong>primera jornada de formaci\u00f3n<\/strong> que se realiz\u00f3 en la Casa de los Toru\u00f1os, en El Puerto de Santa Mar\u00eda.<\/p>\n<p><a href=\"https:\/\/democraciaactiva.eu\/wp-content\/uploads\/2015\/08\/Sala-de-Juntas.jpg\"><img decoding=\"async\" loading=\"lazy\" class=\"aligncenter size-medium wp-image-1008\" src=\"https:\/\/democraciaactiva.eu\/wp-content\/uploads\/2015\/08\/Sala-de-Juntas-300x225.jpg\" alt=\"Sala de Juntas\" width=\"300\" height=\"225\" \/><\/a><\/p>\n<p>Tras pasar horas en un entorno privilegiado, <strong>compartimos informaci\u00f3n y contactos para que la docena de activistas de las provincias de C\u00e1diz y Sevilla pudieran mejorar su eficiencia en sus gestiones con la\u00a0administraci\u00f3n<\/strong>. Entendemos que, una vez m\u00e1s, qued\u00f3 clara la importancia de acabar con la impunidad del silencio administrativo y de que existen derechos que debemos exigir si queremos mejoras.<\/p>\n<p><a href=\"https:\/\/democraciaactiva.eu\/wp-content\/uploads\/2015\/08\/Sala-de-Juntas-2.jpg\"><img decoding=\"async\" loading=\"lazy\" class=\"aligncenter size-medium wp-image-1009\" src=\"https:\/\/democraciaactiva.eu\/wp-content\/uploads\/2015\/08\/Sala-de-Juntas-2-225x300.jpg\" alt=\"Sala de Juntas 2\" width=\"225\" height=\"300\" \/><\/a><\/p>\n<p>A partir de ahora se inicia un proceso pr\u00e1ctico, para el cual estamos a vuestra entera disposici\u00f3n a la hora de estudiar los casos que teng\u00e1is pendientes o inici\u00e9is, as\u00ed como resolver las dudas que puedan plantearse en el camino. <strong>Recordad que si quer\u00e9is resultados distintos no pod\u00e9is hacer siempre lo mismo<\/strong> \ud83d\ude09 <\/p>\n","protected":false},"excerpt":{"rendered":"<div class=\"mh-excerpt\"><p>Este s\u00e1bado se desarroll\u00f3 la primera jornada de formaci\u00f3n que se realiz\u00f3 en la Casa de los Toru\u00f1os, en El Puerto de Santa Mar\u00eda. Tras <a class=\"mh-excerpt-more\" href=\"https:\/\/democraciaactiva.eu\/?p=1006\" title=\"Finalizada la primera Jornada de Formaci\u00f3n en C\u00e1diz\">[&#8230;]<\/a><\/p>\n<\/div>","protected":false},"author":1,"featured_media":0,"comment_status":"closed","ping_status":"open","sticky":false,"template":"","format":"standard","meta":[],"categories":[12,14,16],"tags":[],"_links":{"self":[{"href":"https:\/\/democraciaactiva.eu\/index.php?rest_route=\/wp\/v2\/posts\/1006"}],"collection":[{"href":"https:\/\/democraciaactiva.eu\/index.php?rest_route=\/wp\/v2\/posts"}],"about":[{"href":"https:\/\/democraciaactiva.eu\/index.php?rest_route=\/wp\/v2\/types\/post"}],"author":[{"embeddable":true,"href":"https:\/\/democraciaactiva.eu\/index.php?rest_route=\/wp\/v2\/users\/1"}],"replies":[{"embeddable":true,"href":"https:\/\/democraciaactiva.eu\/index.php?rest_route=%2Fwp%2Fv2%2Fcomments&post=1006"}],"version-history":[{"count":0,"href":"https:\/\/democraciaactiva.eu\/index.php?rest_route=\/wp\/v2\/posts\/1006\/revisions"}],"wp:attachment":[{"href":"https:\/\/democraciaactiva.eu\/index.php?rest_route=%2Fwp%2Fv2%2Fmedia&parent=1006"}],"wp:term":[{"taxonomy":"category","embeddable":true,"href":"https:\/\/democraciaactiva.eu\/index.php?rest_route=%2Fwp%2Fv2%2Fcategories&post=1006"},{"taxonomy":"post_tag","embeddable":true,"href":"https:\/\/democraciaactiva.eu\/index.php?rest_route=%2Fwp%2Fv2%2Ftags&post=1006"}],"curies":[{"name":"wp","href":"https:\/\/api.w.org\/{rel}","templated":true}]}}