{"id":1002,"date":"2015-08-26T10:45:43","date_gmt":"2015-08-26T09:45:43","guid":{"rendered":"http:\/\/democraciaactiva.eu\/?p=1002"},"modified":"2015-08-26T10:45:43","modified_gmt":"2015-08-26T09:45:43","slug":"piden-al-ayuntamiento-de-granada-los-informes-sobre-la-calle-loma-de-dilar","status":"publish","type":"post","link":"https:\/\/democraciaactiva.eu\/?p=1002","title":{"rendered":"Piden al Ayuntamiento de Granada los informes sobre la calle Loma de Dilar"},"content":{"rendered":"<p>La Asociaci\u00f3n Defensa Ciudadana Activa ha solicitado al Ayuntamiento de Granada los informes relativos a itinerarios peatonales en la calle Loma de Dilar, debido a las protestas por la falta de accesibilidad recibidas de vecinos de la zona.<\/p>\n<p>Tras varias semanas intentando contactar con los servicios de urbanismo, desde la Asociaci\u00f3n informan de que \u00abes imposible, o nadie sabe qui\u00e9n es el competente, o quien te dirigen no atiende el tel\u00e9fono, con lo que damos por imposible cualquier gesti\u00f3n previa. Hemos solicitado, en base a la Ley de Transparencia, acceso a los informes relativos a la zona, donde deber\u00edan indicarse los itinerarios peatonales que permitan acceder a sus viviendas a los vecinos\u00bb, informaron.<\/p>\n<p>Las quejas surgieron cuando <strong>un residente en la zona comprobaba d\u00eda tras d\u00eda c\u00f3mo le resultaba imposible llegar al portal de su casa, debido a la escasa anchura de las aceras, adem\u00e1s de la invasi\u00f3n que se produce por parte de los veh\u00edculos estacionados.<\/strong><\/p>\n<p><strong><a href=\"https:\/\/democraciaactiva.eu\/wp-content\/uploads\/2015\/08\/DSC01699.jpg\"><img decoding=\"async\" loading=\"lazy\" class=\"aligncenter size-medium wp-image-1003\" src=\"https:\/\/democraciaactiva.eu\/wp-content\/uploads\/2015\/08\/DSC01699-300x225.jpg\" alt=\"DSC01699\" width=\"300\" height=\"225\" \/><\/a><\/strong><\/p>\n<p>De este modo, DCA quiere comprobar\u00a0la legalidad de las plazas de estacionamiento en bater\u00eda que invaden el acerado, as\u00ed como la anchura \u00fatil que deber\u00eda quedar para el acceso.<\/p>\n<p>\u00ab<strong>No entendemos que lleven a\u00f1os de reclamaciones y no se hayan tomado medidas. Es una situaci\u00f3n f\u00e1cil de solucionar pero, como suele suceder, nadie tiene en cuenta la accesibilidad para todos, dejando las calles como un verdadero circuito de obst\u00e1culos en algunos casos<\/strong>\u00bb<\/p>\n<p>Desde DCA se indic\u00f3 que, dada la falta de atenci\u00f3n telef\u00f3nica de este Ayuntamiento y teniendo en cuenta el tiempo transcurrido sin atender a los vecinos, una vez agotado el plazo legal pasar\u00e1n la petici\u00f3n a estado que queja directamente, dentro de su protocolo de actuaci\u00f3n. <\/p>\n","protected":false},"excerpt":{"rendered":"<div class=\"mh-excerpt\"><p>La Asociaci\u00f3n Defensa Ciudadana Activa ha solicitado al Ayuntamiento de Granada los informes relativos a itinerarios peatonales en la calle Loma de Dilar, debido a <a class=\"mh-excerpt-more\" href=\"https:\/\/democraciaactiva.eu\/?p=1002\" title=\"Piden al Ayuntamiento de Granada los informes sobre la calle Loma de Dilar\">[&#8230;]<\/a><\/p>\n<\/div>","protected":false},"author":1,"featured_media":0,"comment_status":"closed","ping_status":"open","sticky":false,"template":"","format":"standard","meta":[],"categories":[3,5],"tags":[],"_links":{"self":[{"href":"https:\/\/democraciaactiva.eu\/index.php?rest_route=\/wp\/v2\/posts\/1002"}],"collection":[{"href":"https:\/\/democraciaactiva.eu\/index.php?rest_route=\/wp\/v2\/posts"}],"about":[{"href":"https:\/\/democraciaactiva.eu\/index.php?rest_route=\/wp\/v2\/types\/post"}],"author":[{"embeddable":true,"href":"https:\/\/democraciaactiva.eu\/index.php?rest_route=\/wp\/v2\/users\/1"}],"replies":[{"embeddable":true,"href":"https:\/\/democraciaactiva.eu\/index.php?rest_route=%2Fwp%2Fv2%2Fcomments&post=1002"}],"version-history":[{"count":0,"href":"https:\/\/democraciaactiva.eu\/index.php?rest_route=\/wp\/v2\/posts\/1002\/revisions"}],"wp:attachment":[{"href":"https:\/\/democraciaactiva.eu\/index.php?rest_route=%2Fwp%2Fv2%2Fmedia&parent=1002"}],"wp:term":[{"taxonomy":"category","embeddable":true,"href":"https:\/\/democraciaactiva.eu\/index.php?rest_route=%2Fwp%2Fv2%2Fcategories&post=1002"},{"taxonomy":"post_tag","embeddable":true,"href":"https:\/\/democraciaactiva.eu\/index.php?rest_route=%2Fwp%2Fv2%2Ftags&post=1002"}],"curies":[{"name":"wp","href":"https:\/\/api.w.org\/{rel}","templated":true}]}}